{"id":6972,"date":"2025-03-25T11:28:51","date_gmt":"2025-03-25T10:28:51","guid":{"rendered":"https:\/\/blog.etalentum.com\/es\/?p=6972"},"modified":"2025-03-25T11:33:18","modified_gmt":"2025-03-25T10:33:18","slug":"lo-que-deben-saber-las-empresas-sobre-el-mercado-laboral-en-2025","status":"publish","type":"post","link":"https:\/\/blog.etalentum.com\/es\/lo-que-deben-saber-las-empresas-sobre-el-mercado-laboral-en-2025\/","title":{"rendered":"Lo que deben saber las empresas sobre el mercado laboral en 2025"},"content":{"rendered":"\t\t<div data-elementor-type=\"wp-post\" data-elementor-id=\"6972\" class=\"elementor elementor-6972\" data-elementor-settings=\"[]\">\n\t\t\t\t\t\t\t<div class=\"elementor-section-wrap\">\n\t\t\t\t\t\t\t<section class=\"penci-section penci-disSticky penci-structure-10 elementor-section elementor-top-section elementor-element elementor-element-04b322c elementor-section-boxed elementor-section-height-default elementor-section-height-default\" data-id=\"04b322c\" data-element_type=\"section\">\n\t\t\t\t\t\t<div class=\"elementor-container elementor-column-gap-default\">\n\t\t\t\t\t<div class=\"penci-ercol-100 penci-ercol-order-1 penci-sticky-ct  elementor-column elementor-col-100 elementor-top-column elementor-element elementor-element-5488f1b\" data-id=\"5488f1b\" data-element_type=\"column\">\n\t\t\t<div class=\"elementor-widget-wrap elementor-element-populated\">\n\t\t\t\t\t\t\t\t<div class=\"elementor-element elementor-element-a930f09 elementor-widget elementor-widget-image\" data-id=\"a930f09\" data-element_type=\"widget\" data-widget_type=\"image.default\">\n\t\t\t\t<div class=\"elementor-widget-container\">\n\t\t\t\t\t<div class=\"elementor-image\">\n\t\t\t\t\t\t\t\t\t\t<img width=\"1024\" height=\"683\" src=\"https:\/\/blog.etalentum.com\/wp-content\/uploads\/2023\/08\/pexels-photo-5990030-1024x683.jpeg\" class=\"attachment-large size-large\" alt=\"\" loading=\"lazy\" srcset=\"https:\/\/blog.etalentum.com\/wp-content\/uploads\/2023\/08\/pexels-photo-5990030-1024x683.jpeg 1024w, https:\/\/blog.etalentum.com\/wp-content\/uploads\/2023\/08\/pexels-photo-5990030-300x200.jpeg 300w, https:\/\/blog.etalentum.com\/wp-content\/uploads\/2023\/08\/pexels-photo-5990030-768x512.jpeg 768w, https:\/\/blog.etalentum.com\/wp-content\/uploads\/2023\/08\/pexels-photo-5990030-1536x1024.jpeg 1536w, https:\/\/blog.etalentum.com\/wp-content\/uploads\/2023\/08\/pexels-photo-5990030-2048x1365.jpeg 2048w, https:\/\/blog.etalentum.com\/wp-content\/uploads\/2023\/08\/pexels-photo-5990030-1920x1280.jpeg 1920w, https:\/\/blog.etalentum.com\/wp-content\/uploads\/2023\/08\/pexels-photo-5990030-1170x780.jpeg 1170w, https:\/\/blog.etalentum.com\/wp-content\/uploads\/2023\/08\/pexels-photo-5990030-585x390.jpeg 585w, https:\/\/blog.etalentum.com\/wp-content\/uploads\/2023\/08\/pexels-photo-5990030-263x175.jpeg 263w\" sizes=\"(max-width: 1024px) 100vw, 1024px\" \/>\t\t\t\t\t\t\t\t\t\t\t<\/div>\n\t\t\t\t<\/div>\n\t\t\t\t<\/div>\n\t\t\t\t\t<\/div>\n\t\t<\/div>\n\t\t\t\t\t\t\t<\/div>\n\t\t<\/section>\n\t\t\t\t<section class=\"penci-section penci-disSticky penci-structure-10 elementor-section elementor-top-section elementor-element elementor-element-9362530 elementor-section-boxed elementor-section-height-default elementor-section-height-default\" data-id=\"9362530\" data-element_type=\"section\">\n\t\t\t\t\t\t<div class=\"elementor-container elementor-column-gap-default\">\n\t\t\t\t\t<div class=\"penci-ercol-100 penci-ercol-order-1 penci-sticky-ct  elementor-column elementor-col-100 elementor-top-column elementor-element elementor-element-815d49e\" data-id=\"815d49e\" data-element_type=\"column\">\n\t\t\t<div class=\"elementor-widget-wrap elementor-element-populated\">\n\t\t\t\t\t\t\t\t<div class=\"elementor-element elementor-element-6f1cbef elementor-widget elementor-widget-text-editor\" data-id=\"6f1cbef\" data-element_type=\"widget\" data-widget_type=\"text-editor.default\">\n\t\t\t\t<div class=\"elementor-widget-container\">\n\t\t\t\t\t<div class=\"elementor-text-editor elementor-clearfix\"><p><\/p><p class=\"\" data-start=\"95\" data-end=\"398\">El mercado laboral espa\u00f1ol ha experimentado cambios significativos en los \u00faltimos meses, presentando tanto desaf\u00edos como oportunidades para las empresas. A continuaci\u00f3n, se analizan las tendencias m\u00e1s recientes basadas en datos oficiales y se ofrecen recomendaciones estrat\u00e9gicas para la alta direcci\u00f3n.<\/p><p class=\"\" data-start=\"400\" data-end=\"436\"><strong data-start=\"400\" data-end=\"436\">Evoluci\u00f3n del empleo y desempleo<\/strong><\/p><p class=\"\" data-start=\"438\" data-end=\"633\"><span class=\"relative -mx-px my-[-0.2rem] rounded px-px py-[0.2rem]\">En febrero de 2025, el n\u00famero de desempleados en Espa\u00f1a se situ\u00f3 en 2,59 millones, el nivel m\u00e1s bajo para este mes desde 2008.<\/span> <span class=\"relative -mx-px my-[-0.2rem] rounded px-px py-[0.2rem]\">Esto refleja una mejora en el mercado laboral, aunque la tasa de desempleo a\u00fan duplica la media europea.<\/span><span class=\"relative -mx-px my-[-0.2rem] rounded px-px py-[0.2rem]\">Adem\u00e1s, el 74,1% de los desempleados con derecho a prestaci\u00f3n reciben alguna ayuda, el nivel m\u00e1s alto desde 2011, debido a reformas que han ampliado la protecci\u00f3n social.<\/span> \u200b<\/p><p class=\"\" data-start=\"635\" data-end=\"792\"><span class=\"relative -mx-px my-[-0.2rem] rounded px-px py-[0.2rem]\">Sin embargo, enero de 2025 mostr\u00f3 una p\u00e9rdida de 242.148 trabajadores tras el fin de la campa\u00f1a navide\u00f1a, especialmente en los sectores de comercio y hosteler\u00eda, que representaron el 46% de las bajas.<\/span> <span class=\"relative -mx-px my-[-0.2rem] rounded px-px py-[0.2rem]\">Este descenso estacional subraya la necesidad de estrategias para mitigar la volatilidad laboral en ciertos sectores.<\/span>\u00a0<\/p><p class=\"\" data-start=\"794\" data-end=\"845\"><strong data-start=\"794\" data-end=\"845\">Reducci\u00f3n de la jornada laboral y productividad<\/strong><\/p><p class=\"\" data-start=\"847\" data-end=\"1050\"><span class=\"relative -mx-px my-[-0.2rem] rounded px-px py-[0.2rem]\">El Gobierno planea reducir la jornada laboral m\u00e1xima de 40 a 37,5 horas semanales sin afectar los salarios, con el objetivo de aumentar la productividad y mejorar el equilibrio entre la vida laboral y personal.<\/span> <span class=\"relative -mx-px my-[-0.2rem] rounded px-px py-[0.2rem]\">Esta medida, que beneficiar\u00e1 a 12,5 millones de trabajadores, incluye la obligatoriedad del registro digital de horas y mayores sanciones para las empresas que no cumplan.<\/span> <span class=\"relative -mx-px my-[-0.2rem] rounded px-px py-[0.2rem]\">Es esencial que las empresas se preparen para implementar estos cambios y eval\u00faen su impacto en la operativa diaria.<\/span> \u200b<\/p><p class=\"\" data-start=\"1052\" data-end=\"1108\"><strong data-start=\"1052\" data-end=\"1108\">Incremento del salario m\u00ednimo interprofesional (SMI)<\/strong><\/p><p class=\"\" data-start=\"1110\" data-end=\"1315\"><span class=\"relative -mx-px my-[-0.2rem] rounded px-px py-[0.2rem]\">El SMI ha aumentado a 1.184 euros mensuales en 2025, beneficiando a alrededor de 2,1 millones de trabajadores.<\/span> <span class=\"relative -mx-px my-[-0.2rem] rounded px-px py-[0.2rem]\">Este incremento busca reducir la desigualdad y la pobreza laboral.<\/span> <span class=\"relative -mx-px my-[-0.2rem] rounded px-px py-[0.2rem]\">Las empresas deben considerar este ajuste en sus estructuras salariales y presupuestos, especialmente en sectores con alta proporci\u00f3n de empleados con salario m\u00ednimo.<\/span> \u200b<\/p><p class=\"\" data-start=\"1317\" data-end=\"1372\"><strong data-start=\"1317\" data-end=\"1372\">Recomendaciones estrat\u00e9gicas para la Alta Direcci\u00f3n<\/strong><\/p><ol data-start=\"1374\" data-end=\"1976\"><li class=\"\" data-start=\"1374\" data-end=\"1492\"><p class=\"\" data-start=\"1377\" data-end=\"1492\"><strong data-start=\"1377\" data-end=\"1405\">Planificaci\u00f3n financiera<\/strong>: <span class=\"relative -mx-px my-[-0.2rem] rounded px-px py-[0.2rem]\">Revisar y ajustar los presupuestos para absorber el impacto del aumento del SMI y posibles incrementos salariales en cascada.<\/span>\u200b<\/p><\/li><li class=\"\" data-start=\"1494\" data-end=\"1620\"><p class=\"\" data-start=\"1497\" data-end=\"1620\"><strong data-start=\"1497\" data-end=\"1533\">Optimizaci\u00f3n de la productividad<\/strong>: <span class=\"relative -mx-px my-[-0.2rem] rounded px-px py-[0.2rem]\">Implementar medidas que mejoren la eficiencia operativa para compensar la reducci\u00f3n de la jornada laboral, como la adopci\u00f3n de tecnolog\u00edas y la reingenier\u00eda de procesos.<\/span>\u200b<\/p><\/li><li class=\"\" data-start=\"1622\" data-end=\"1742\"><p class=\"\" data-start=\"1625\" data-end=\"1742\"><strong data-start=\"1625\" data-end=\"1655\">Gesti\u00f3n de la temporalidad<\/strong>: <span class=\"relative -mx-px my-[-0.2rem] rounded px-px py-[0.2rem]\">Desarrollar estrategias para mitigar la estacionalidad en sectores afectados por fluctuaciones temporales, diversificando servicios o productos y explorando nuevos mercados.<\/span>\u200b<\/p><\/li><li class=\"\" data-start=\"1744\" data-end=\"1860\"><p class=\"\" data-start=\"1747\" data-end=\"1860\"><strong data-start=\"1747\" data-end=\"1773\">Cumplimiento normativo<\/strong>: <span class=\"relative -mx-px my-[-0.2rem] rounded px-px py-[0.2rem]\">Asegurar el cumplimiento de las nuevas regulaciones laborales, incluyendo el registro digital de horas y las disposiciones relacionadas con la jornada laboral y el SMI, para evitar sanciones y mantener una reputaci\u00f3n corporativa s\u00f3lida.<\/span>\u200b<\/p><\/li><li class=\"\" data-start=\"1862\" data-end=\"1976\"><p class=\"\" data-start=\"1865\" data-end=\"1976\"><strong data-start=\"1865\" data-end=\"1889\">Comunicaci\u00f3n interna<\/strong>: <span class=\"relative -mx-px my-[-0.2rem] rounded px-px py-[0.2rem]\">Mantener una comunicaci\u00f3n transparente con los empleados sobre los cambios laborales y c\u00f3mo estos afectan a la organizaci\u00f3n, fomentando un ambiente de confianza y colaboraci\u00f3n.<\/span>\u200b<\/p><\/li><\/ol><p class=\"\" data-start=\"1978\" data-end=\"2103\"><span class=\"relative -mx-px my-[-0.2rem] rounded px-px py-[0.2rem]\">En resumen, el mercado laboral espa\u00f1ol est\u00e1 en una fase de transformaci\u00f3n que requiere una respuesta proactiva y estrat\u00e9gica por parte de los ejecutivos y altos cargos.<\/span> <span class=\"relative -mx-px my-[-0.2rem] rounded px-px py-[0.2rem]\">La adaptaci\u00f3n a estas nuevas realidades no solo garantizar\u00e1 el cumplimiento normativo, sino que tambi\u00e9n puede convertirse en una ventaja competitiva en un entorno empresarial en constante evoluci\u00f3n.<\/span>\u200b<\/p><p data-start=\"1978\" data-end=\"2103\"><a href=\"https:\/\/www.etalentum.com\/es\/e-book-inteligencia-artificial.html?utm_source=blog\"><img loading=\"lazy\" class=\"alignnone size-full wp-image-6305\" src=\"https:\/\/blog.etalentum.com\/wp-content\/uploads\/2024\/01\/IA_boto\u0301n_descarga.png\" alt=\"\" width=\"926\" height=\"363\" srcset=\"https:\/\/blog.etalentum.com\/wp-content\/uploads\/2024\/01\/IA_boto\u0301n_descarga.png 926w, https:\/\/blog.etalentum.com\/wp-content\/uploads\/2024\/01\/IA_boto\u0301n_descarga-300x118.png 300w, https:\/\/blog.etalentum.com\/wp-content\/uploads\/2024\/01\/IA_boto\u0301n_descarga-768x301.png 768w, https:\/\/blog.etalentum.com\/wp-content\/uploads\/2024\/01\/IA_boto\u0301n_descarga-585x229.png 585w\" sizes=\"(max-width: 926px) 100vw, 926px\" \/><\/a><\/p><p data-start=\"1978\" data-end=\"2103\"><\/p><\/div>\n\t\t\t\t<\/div>\n\t\t\t\t<\/div>\n\t\t\t\t\t<\/div>\n\t\t<\/div>\n\t\t\t\t\t\t\t<\/div>\n\t\t<\/section>\n\t\t\t\t\t\t<\/div>\n\t\t\t\t\t<\/div>\n\t\t<!-- AddThis Advanced Settings generic via filter on the_content --><!-- AddThis Share Buttons generic via filter on the_content -->","protected":false},"excerpt":{"rendered":"<p>El mercado laboral espa\u00f1ol ha experimentado cambios significativos en los \u00faltimos meses, presentando tanto desaf\u00edos como&hellip;<!-- AddThis Advanced Settings generic via filter on get_the_excerpt --><!-- AddThis Share Buttons generic via filter on get_the_excerpt --><\/p>\n","protected":false},"author":10,"featured_media":5861,"comment_status":"closed","ping_status":"open","sticky":false,"template":"","format":"standard","meta":[],"categories":[360,1,359,5,8,382,454,69,7,453],"tags":[],"_links":{"self":[{"href":"https:\/\/blog.etalentum.com\/es\/wp-json\/wp\/v2\/posts\/6972"}],"collection":[{"href":"https:\/\/blog.etalentum.com\/es\/wp-json\/wp\/v2\/posts"}],"about":[{"href":"https:\/\/blog.etalentum.com\/es\/wp-json\/wp\/v2\/types\/post"}],"author":[{"embeddable":true,"href":"https:\/\/blog.etalentum.com\/es\/wp-json\/wp\/v2\/users\/10"}],"replies":[{"embeddable":true,"href":"https:\/\/blog.etalentum.com\/es\/wp-json\/wp\/v2\/comments?post=6972"}],"version-history":[{"count":7,"href":"https:\/\/blog.etalentum.com\/es\/wp-json\/wp\/v2\/posts\/6972\/revisions"}],"predecessor-version":[{"id":6979,"href":"https:\/\/blog.etalentum.com\/es\/wp-json\/wp\/v2\/posts\/6972\/revisions\/6979"}],"wp:featuredmedia":[{"embeddable":true,"href":"https:\/\/blog.etalentum.com\/es\/wp-json\/wp\/v2\/media\/5861"}],"wp:attachment":[{"href":"https:\/\/blog.etalentum.com\/es\/wp-json\/wp\/v2\/media?parent=6972"}],"wp:term":[{"taxonomy":"category","embeddable":true,"href":"https:\/\/blog.etalentum.com\/es\/wp-json\/wp\/v2\/categories?post=6972"},{"taxonomy":"post_tag","embeddable":true,"href":"https:\/\/blog.etalentum.com\/es\/wp-json\/wp\/v2\/tags?post=6972"}],"curies":[{"name":"wp","href":"https:\/\/api.w.org\/{rel}","templated":true}]}}