{"id":6972,"date":"2025-03-25T11:28:51","date_gmt":"2025-03-25T10:28:51","guid":{"rendered":"https:\/\/blog.etalentum.com\/es\/?p=6972"},"modified":"2025-03-25T11:33:18","modified_gmt":"2025-03-25T10:33:18","slug":"lo-que-deben-saber-las-empresas-sobre-el-mercado-laboral-en-2025","status":"publish","type":"post","link":"https:\/\/blog.etalentum.com\/ca\/lo-que-deben-saber-las-empresas-sobre-el-mercado-laboral-en-2025\/","title":{"rendered":"El que han de saber les empreses sobre el mercat laboral el 2025"},"content":{"rendered":"\t\t<div data-elementor-type=\"wp-post\" data-elementor-id=\"6972\" class=\"elementor elementor-6972\" data-elementor-settings=\"[]\">\n\t\t\t\t\t\t\t<div class=\"elementor-section-wrap\">\n\t\t\t\t\t\t\t<section class=\"penci-section penci-disSticky penci-structure-10 elementor-section elementor-top-section elementor-element elementor-element-04b322c elementor-section-boxed elementor-section-height-default elementor-section-height-default\" data-id=\"04b322c\" data-element_type=\"section\">\n\t\t\t\t\t\t<div class=\"elementor-container elementor-column-gap-default\">\n\t\t\t\t\t<div class=\"penci-ercol-100 penci-ercol-order-1 penci-sticky-ct  elementor-column elementor-col-100 elementor-top-column elementor-element elementor-element-5488f1b\" data-id=\"5488f1b\" data-element_type=\"column\">\n\t\t\t<div class=\"elementor-widget-wrap elementor-element-populated\">\n\t\t\t\t\t\t\t\t<div class=\"elementor-element elementor-element-a930f09 elementor-widget elementor-widget-image\" data-id=\"a930f09\" data-element_type=\"widget\" data-widget_type=\"image.default\">\n\t\t\t\t<div class=\"elementor-widget-container\">\n\t\t\t\t\t<div class=\"elementor-image\">\n\t\t\t\t\t\t\t\t\t\t<img width=\"1024\" height=\"683\" src=\"https:\/\/blog.etalentum.com\/wp-content\/uploads\/2023\/08\/pexels-photo-5990030-1024x683.jpeg\" class=\"attachment-large size-large\" alt=\"\" loading=\"lazy\" srcset=\"https:\/\/blog.etalentum.com\/wp-content\/uploads\/2023\/08\/pexels-photo-5990030-1024x683.jpeg 1024w, https:\/\/blog.etalentum.com\/wp-content\/uploads\/2023\/08\/pexels-photo-5990030-300x200.jpeg 300w, https:\/\/blog.etalentum.com\/wp-content\/uploads\/2023\/08\/pexels-photo-5990030-768x512.jpeg 768w, https:\/\/blog.etalentum.com\/wp-content\/uploads\/2023\/08\/pexels-photo-5990030-1536x1024.jpeg 1536w, https:\/\/blog.etalentum.com\/wp-content\/uploads\/2023\/08\/pexels-photo-5990030-2048x1365.jpeg 2048w, https:\/\/blog.etalentum.com\/wp-content\/uploads\/2023\/08\/pexels-photo-5990030-1920x1280.jpeg 1920w, https:\/\/blog.etalentum.com\/wp-content\/uploads\/2023\/08\/pexels-photo-5990030-1170x780.jpeg 1170w, https:\/\/blog.etalentum.com\/wp-content\/uploads\/2023\/08\/pexels-photo-5990030-585x390.jpeg 585w, https:\/\/blog.etalentum.com\/wp-content\/uploads\/2023\/08\/pexels-photo-5990030-263x175.jpeg 263w\" sizes=\"(max-width: 1024px) 100vw, 1024px\" \/>\t\t\t\t\t\t\t\t\t\t\t<\/div>\n\t\t\t\t<\/div>\n\t\t\t\t<\/div>\n\t\t\t\t\t<\/div>\n\t\t<\/div>\n\t\t\t\t\t\t\t<\/div>\n\t\t<\/section>\n\t\t\t\t<section class=\"penci-section penci-disSticky penci-structure-10 elementor-section elementor-top-section elementor-element elementor-element-9362530 elementor-section-boxed elementor-section-height-default elementor-section-height-default\" data-id=\"9362530\" data-element_type=\"section\">\n\t\t\t\t\t\t<div class=\"elementor-container elementor-column-gap-default\">\n\t\t\t\t\t<div class=\"penci-ercol-100 penci-ercol-order-1 penci-sticky-ct  elementor-column elementor-col-100 elementor-top-column elementor-element elementor-element-815d49e\" data-id=\"815d49e\" data-element_type=\"column\">\n\t\t\t<div class=\"elementor-widget-wrap elementor-element-populated\">\n\t\t\t\t\t\t\t\t<div class=\"elementor-element elementor-element-6f1cbef elementor-widget elementor-widget-text-editor\" data-id=\"6f1cbef\" data-element_type=\"widget\" data-widget_type=\"text-editor.default\">\n\t\t\t\t<div class=\"elementor-widget-container\">\n\t\t\t\t\t<div class=\"elementor-text-editor elementor-clearfix\"><p><\/p><p class=\"\" data-start=\"18\" data-end=\"315\">El mercat laboral espanyol ha experimentat canvis significatius en els \u00faltims mesos, presentant tant desafiaments com oportunitats per a les empreses. A continuaci\u00f3, s\u2019analitzen les tend\u00e8ncies m\u00e9s recents basades en dades oficials i s\u2019ofereixen recomanacions estrat\u00e8giques per a l\u2019alta direcci\u00f3.<\/p><h4 class=\"\" data-start=\"317\" data-end=\"359\"><strong data-start=\"322\" data-end=\"357\">Evoluci\u00f3 de l&#8217;Ocupaci\u00f3 i l&#8217;Atur<\/strong><\/h4><p class=\"\" data-start=\"360\" data-end=\"758\">Al febrer de 2025, el nombre d\u2019aturats a Espanya es va situar en 2,59 milions, el nivell m\u00e9s baix per a aquest mes des del 2008. Aix\u00f2 reflecteix una millora en el mercat laboral, tot i que la taxa d\u2019atur encara duplica la mitjana europea. A m\u00e9s, el 74,1% dels aturats amb dret a prestaci\u00f3 reben alguna ajuda, el nivell m\u00e9s alt des del 2011, gr\u00e0cies a reformes que han ampliat la protecci\u00f3 social.<\/p><p class=\"\" data-start=\"760\" data-end=\"1098\">Tanmateix, el gener de 2025 va mostrar una p\u00e8rdua de 242.148 treballadors despr\u00e9s de la fi de la campanya nadalenca, especialment en els sectors del comer\u00e7 i l\u2019hostaleria, que van representar el 46% de les baixes. Aquest descens estacional subratlla la necessitat d\u2019estrat\u00e8gies per mitigar la volatilitat laboral en determinats sectors.<\/p><h4 class=\"\" data-start=\"1100\" data-end=\"1157\"><strong data-start=\"1105\" data-end=\"1155\">Reducci\u00f3 de la Jornada Laboral i Productivitat<\/strong><\/h4><p class=\"\" data-start=\"1158\" data-end=\"1662\">El govern planeja reduir la jornada laboral m\u00e0xima de 40 a 37,5 hores setmanals sense afectar els salaris, amb l\u2019objectiu d\u2019augmentar la productivitat i millorar l\u2019equilibri entre la vida laboral i personal. Aquesta mesura, que beneficiar\u00e0 12,5 milions de treballadors, inclou l\u2019obligatorietat del registre digital d\u2019hores i sancions m\u00e9s grans per a les empreses que no compleixin. \u00c9s essencial que les empreses es preparin per implementar aquests canvis i avalu\u00efn el seu impacte en l\u2019operativa di\u00e0ria.<\/p><h4 class=\"\" data-start=\"1664\" data-end=\"1725\"><strong data-start=\"1669\" data-end=\"1723\">Increment del Salari M\u00ednim Interprofessional (SMI)<\/strong><\/h4><p class=\"\" data-start=\"1726\" data-end=\"2071\">L\u2019SMI ha augmentat a 1.184 euros mensuals el 2025, beneficiant al voltant de 2,1 milions de treballadors. Aquest increment busca reduir la desigualtat i la pobresa laboral. Les empreses han de considerar aquest ajust en les seves estructures salarials i pressupostos, especialment en sectors amb una alta proporci\u00f3 d\u2019empleats amb salari m\u00ednim.<\/p><h4 class=\"\" data-start=\"2073\" data-end=\"2133\"><strong data-start=\"2078\" data-end=\"2131\">Recomanacions Estrat\u00e8giques per a l\u2019Alta Direcci\u00f3<\/strong><\/h4><ul data-start=\"2134\" data-end=\"3150\"><li class=\"\" data-start=\"2134\" data-end=\"2290\"><p class=\"\" data-start=\"2136\" data-end=\"2290\"><strong data-start=\"2136\" data-end=\"2162\">Planificaci\u00f3 Financera<\/strong>: Revisar i ajustar els pressupostos per absorbir l\u2019impacte de l\u2019augment de l\u2019SMI i possibles increments salarials en cascada.<\/p><\/li><li class=\"\" data-start=\"2291\" data-end=\"2498\"><p class=\"\" data-start=\"2293\" data-end=\"2498\"><strong data-start=\"2293\" data-end=\"2329\">Optimitzaci\u00f3 de la Productivitat<\/strong>: Implementar mesures que millorin l\u2019efici\u00e8ncia operativa per compensar la reducci\u00f3 de la jornada laboral, com l\u2019adopci\u00f3 de tecnologies i la reenginyeria de processos.<\/p><\/li><li class=\"\" data-start=\"2499\" data-end=\"2695\"><p class=\"\" data-start=\"2501\" data-end=\"2695\"><strong data-start=\"2501\" data-end=\"2530\">Gesti\u00f3 de la Temporalitat<\/strong>: Desenvolupar estrat\u00e8gies per mitigar l\u2019estacionalitat en sectors afectats per fluctuacions temporals, diversificant serveis o productes i explorant nous mercats.<\/p><\/li><li class=\"\" data-start=\"2696\" data-end=\"2952\"><p class=\"\" data-start=\"2698\" data-end=\"2952\"><strong data-start=\"2698\" data-end=\"2721\">Compliment Normatiu<\/strong>: Assegurar el compliment de les noves regulacions laborals, incloent-hi el registre digital d\u2019hores i les disposicions relacionades amb la jornada laboral i l\u2019SMI, per evitar sancions i mantenir una reputaci\u00f3 corporativa s\u00f2lida.<\/p><\/li><li class=\"\" data-start=\"2953\" data-end=\"3150\"><p class=\"\" data-start=\"2955\" data-end=\"3150\"><strong data-start=\"2955\" data-end=\"2978\">Comunicaci\u00f3 Interna<\/strong>: Mantenir una comunicaci\u00f3 transparent amb els empleats sobre els canvis laborals i com aquests afecten l\u2019organitzaci\u00f3, fomentant un ambient de confian\u00e7a i col\u00b7laboraci\u00f3.<\/p><\/li><\/ul><p class=\"\" data-start=\"3152\" data-end=\"3501\">En resum, el mercat laboral espanyol es troba en una fase de transformaci\u00f3 que requereix una resposta proactiva i estrat\u00e8gica per part dels executius i alts c\u00e0rrecs. L\u2019adaptaci\u00f3 a aquestes noves realitats no nom\u00e9s garantir\u00e0 el compliment normatiu, sin\u00f3 que tamb\u00e9 pot esdevenir un avantatge competitiu en un entorn empresarial en constant evoluci\u00f3.<\/p><p data-start=\"3152\" data-end=\"3501\"><a href=\"vhttps:\/\/www.etalentum.com\/es\/e-book-inteligencia-artificial.html?utm_source=blog\"><img loading=\"lazy\" class=\"alignnone size-full wp-image-6305\" src=\"https:\/\/blog.etalentum.com\/wp-content\/uploads\/2024\/01\/IA_boto\u0301n_descarga.png\" alt=\"\" width=\"926\" height=\"363\" srcset=\"https:\/\/blog.etalentum.com\/wp-content\/uploads\/2024\/01\/IA_boto\u0301n_descarga.png 926w, https:\/\/blog.etalentum.com\/wp-content\/uploads\/2024\/01\/IA_boto\u0301n_descarga-300x118.png 300w, https:\/\/blog.etalentum.com\/wp-content\/uploads\/2024\/01\/IA_boto\u0301n_descarga-768x301.png 768w, https:\/\/blog.etalentum.com\/wp-content\/uploads\/2024\/01\/IA_boto\u0301n_descarga-585x229.png 585w\" sizes=\"(max-width: 926px) 100vw, 926px\" \/><\/a><\/p><p data-start=\"3152\" data-end=\"3501\"><\/p><\/div>\n\t\t\t\t<\/div>\n\t\t\t\t<\/div>\n\t\t\t\t\t<\/div>\n\t\t<\/div>\n\t\t\t\t\t\t\t<\/div>\n\t\t<\/section>\n\t\t\t\t\t\t<\/div>\n\t\t\t\t\t<\/div>\n\t\t<!-- AddThis Advanced Settings generic via filter on the_content --><!-- AddThis Share Buttons generic via filter on the_content -->","protected":false},"excerpt":{"rendered":"<p>El mercat laboral espanyol ha experimentat canvis significatius en els \u00faltims mesos, presentant tant desafiaments com&hellip;<!-- AddThis Advanced Settings generic via filter on get_the_excerpt --><!-- AddThis Share Buttons generic via filter on get_the_excerpt --><\/p>\n","protected":false},"author":10,"featured_media":5861,"comment_status":"closed","ping_status":"open","sticky":false,"template":"","format":"standard","meta":[],"categories":[360,1,359,5,8,382,454,69,7,453],"tags":[],"_links":{"self":[{"href":"https:\/\/blog.etalentum.com\/ca\/wp-json\/wp\/v2\/posts\/6972"}],"collection":[{"href":"https:\/\/blog.etalentum.com\/ca\/wp-json\/wp\/v2\/posts"}],"about":[{"href":"https:\/\/blog.etalentum.com\/ca\/wp-json\/wp\/v2\/types\/post"}],"author":[{"embeddable":true,"href":"https:\/\/blog.etalentum.com\/ca\/wp-json\/wp\/v2\/users\/10"}],"replies":[{"embeddable":true,"href":"https:\/\/blog.etalentum.com\/ca\/wp-json\/wp\/v2\/comments?post=6972"}],"version-history":[{"count":7,"href":"https:\/\/blog.etalentum.com\/ca\/wp-json\/wp\/v2\/posts\/6972\/revisions"}],"predecessor-version":[{"id":6979,"href":"https:\/\/blog.etalentum.com\/ca\/wp-json\/wp\/v2\/posts\/6972\/revisions\/6979"}],"wp:featuredmedia":[{"embeddable":true,"href":"https:\/\/blog.etalentum.com\/ca\/wp-json\/wp\/v2\/media\/5861"}],"wp:attachment":[{"href":"https:\/\/blog.etalentum.com\/ca\/wp-json\/wp\/v2\/media?parent=6972"}],"wp:term":[{"taxonomy":"category","embeddable":true,"href":"https:\/\/blog.etalentum.com\/ca\/wp-json\/wp\/v2\/categories?post=6972"},{"taxonomy":"post_tag","embeddable":true,"href":"https:\/\/blog.etalentum.com\/ca\/wp-json\/wp\/v2\/tags?post=6972"}],"curies":[{"name":"wp","href":"https:\/\/api.w.org\/{rel}","templated":true}]}}