{"id":6957,"date":"2025-02-19T11:22:35","date_gmt":"2025-02-19T10:22:35","guid":{"rendered":"https:\/\/blog.etalentum.com\/es\/?p=6957"},"modified":"2025-02-19T11:32:53","modified_gmt":"2025-02-19T10:32:53","slug":"tendencias-en-recursos-humanos-para-2025-inteligencia-artificial-diversidad-y-bienestar-laboral","status":"publish","type":"post","link":"https:\/\/blog.etalentum.com\/ca\/tendencias-en-recursos-humanos-para-2025-inteligencia-artificial-diversidad-y-bienestar-laboral\/","title":{"rendered":"Tend\u00e8ncies en Recursos Humans per al 2025: Intel\u00b7lig\u00e8ncia Artificial, Diversitat i Benestar Laboral"},"content":{"rendered":"\t\t<div data-elementor-type=\"wp-post\" data-elementor-id=\"6957\" class=\"elementor elementor-6957\" data-elementor-settings=\"[]\">\n\t\t\t\t\t\t\t<div class=\"elementor-section-wrap\">\n\t\t\t\t\t\t\t<section class=\"penci-section penci-disSticky penci-structure-10 elementor-section elementor-top-section elementor-element elementor-element-ca0958b elementor-section-boxed elementor-section-height-default elementor-section-height-default\" data-id=\"ca0958b\" data-element_type=\"section\">\n\t\t\t\t\t\t<div class=\"elementor-container elementor-column-gap-default\">\n\t\t\t\t\t<div class=\"penci-ercol-100 penci-ercol-order-1 penci-sticky-ct  elementor-column elementor-col-100 elementor-top-column elementor-element elementor-element-ba0cefd\" data-id=\"ba0cefd\" data-element_type=\"column\">\n\t\t\t<div class=\"elementor-widget-wrap elementor-element-populated\">\n\t\t\t\t\t\t\t\t<div class=\"elementor-element elementor-element-c3b8727 elementor-widget elementor-widget-image\" data-id=\"c3b8727\" data-element_type=\"widget\" data-widget_type=\"image.default\">\n\t\t\t\t<div class=\"elementor-widget-container\">\n\t\t\t\t\t<div class=\"elementor-image\">\n\t\t\t\t\t\t\t\t\t\t<img width=\"1024\" height=\"683\" src=\"https:\/\/blog.etalentum.com\/wp-content\/uploads\/2023\/08\/pexels-photo-1314410-1024x683.jpeg\" class=\"attachment-large size-large\" alt=\"\" loading=\"lazy\" srcset=\"https:\/\/blog.etalentum.com\/wp-content\/uploads\/2023\/08\/pexels-photo-1314410-1024x683.jpeg 1024w, https:\/\/blog.etalentum.com\/wp-content\/uploads\/2023\/08\/pexels-photo-1314410-300x200.jpeg 300w, https:\/\/blog.etalentum.com\/wp-content\/uploads\/2023\/08\/pexels-photo-1314410-768x512.jpeg 768w, https:\/\/blog.etalentum.com\/wp-content\/uploads\/2023\/08\/pexels-photo-1314410-1536x1024.jpeg 1536w, https:\/\/blog.etalentum.com\/wp-content\/uploads\/2023\/08\/pexels-photo-1314410-2048x1365.jpeg 2048w, https:\/\/blog.etalentum.com\/wp-content\/uploads\/2023\/08\/pexels-photo-1314410-1920x1280.jpeg 1920w, https:\/\/blog.etalentum.com\/wp-content\/uploads\/2023\/08\/pexels-photo-1314410-1170x780.jpeg 1170w, https:\/\/blog.etalentum.com\/wp-content\/uploads\/2023\/08\/pexels-photo-1314410-585x390.jpeg 585w, https:\/\/blog.etalentum.com\/wp-content\/uploads\/2023\/08\/pexels-photo-1314410-263x175.jpeg 263w\" sizes=\"(max-width: 1024px) 100vw, 1024px\" \/>\t\t\t\t\t\t\t\t\t\t\t<\/div>\n\t\t\t\t<\/div>\n\t\t\t\t<\/div>\n\t\t\t\t\t<\/div>\n\t\t<\/div>\n\t\t\t\t\t\t\t<\/div>\n\t\t<\/section>\n\t\t\t\t<section class=\"penci-section penci-disSticky penci-structure-10 elementor-section elementor-top-section elementor-element elementor-element-1c7f022 elementor-section-boxed elementor-section-height-default elementor-section-height-default\" data-id=\"1c7f022\" data-element_type=\"section\">\n\t\t\t\t\t\t<div class=\"elementor-container elementor-column-gap-default\">\n\t\t\t\t\t<div class=\"penci-ercol-100 penci-ercol-order-1 penci-sticky-ct  elementor-column elementor-col-100 elementor-top-column elementor-element elementor-element-bbaecde\" data-id=\"bbaecde\" data-element_type=\"column\">\n\t\t\t<div class=\"elementor-widget-wrap elementor-element-populated\">\n\t\t\t\t\t\t\t\t<div class=\"elementor-element elementor-element-164aec6 elementor-widget elementor-widget-text-editor\" data-id=\"164aec6\" data-element_type=\"widget\" data-widget_type=\"text-editor.default\">\n\t\t\t\t<div class=\"elementor-widget-container\">\n\t\t\t\t\t<div class=\"elementor-text-editor elementor-clearfix\"><p><\/p><p data-start=\"82\" data-end=\"439\">En 2025, l&#8217;\u00e0mbit dels Recursos Humans (RR.HH.) est\u00e0 experimentant transformacions significatives, impulsades per l&#8217;adopci\u00f3 de la intel\u00b7lig\u00e8ncia artificial (IA), la digitalitzaci\u00f3 i la necessitat d&#8217;adaptar-se a nous models de treball. A continuaci\u00f3, es detallen les principals tend\u00e8ncies que estan redefinint el reclutament i la gesti\u00f3 del talent aquest any:<\/p><p data-start=\"441\" data-end=\"765\"><strong data-start=\"441\" data-end=\"505\">1. Adopci\u00f3 massiva de la Intel\u00b7lig\u00e8ncia Artificial en RR.HH.<\/strong><br data-start=\"505\" data-end=\"508\" \/>La IA s&#8217;ha consolidat com una eina essencial en els processos de selecci\u00f3 i gesti\u00f3 del talent. Les empreses implementen sistemes d&#8217;IA per automatitzar tasques repetitives, analitzar grans volums de dades i millorar la precisi\u00f3 en la selecci\u00f3 de candidats.<\/p><p data-start=\"767\" data-end=\"974\"><strong data-start=\"767\" data-end=\"814\">2. Enfocament en l&#8217;experi\u00e8ncia del candidat<\/strong><br data-start=\"814\" data-end=\"817\" \/>L&#8217;experi\u00e8ncia del candidat \u00e9s clau per atraure i retenir talent. Un proc\u00e9s de selecci\u00f3 clar i eficient millora la percepci\u00f3 dels candidats sobre l&#8217;empresa.<\/p><p data-start=\"976\" data-end=\"1223\"><strong data-start=\"976\" data-end=\"1028\">3. Employer Branding com a estrat\u00e8gia d&#8217;atracci\u00f3<\/strong><br data-start=\"1028\" data-end=\"1031\" \/>La gesti\u00f3 de la marca ocupadora \u00e9s fonamental per destacar en un mercat laboral competitiu. Les organitzacions inverteixen en millorar la seva reputaci\u00f3 per captar els millors professionals.<\/p><p data-start=\"1225\" data-end=\"1468\"><strong data-start=\"1225\" data-end=\"1266\">4. Formaci\u00f3 i desenvolupament continu<\/strong><br data-start=\"1266\" data-end=\"1269\" \/>La r\u00e0pida evoluci\u00f3 tecnol\u00f2gica exigeix que els empleats actualitzin constantment les seves habilitats. Les empreses implementen programes de formaci\u00f3 per mantenir la seva for\u00e7a laboral competitiva.<\/p><p data-start=\"1470\" data-end=\"1685\"><strong data-start=\"1470\" data-end=\"1511\">5. Benestar i salut mental a la feina<\/strong><br data-start=\"1511\" data-end=\"1514\" \/>El benestar emocional i f\u00edsic dels empleats ha guanyat import\u00e0ncia. Les empreses adopten pol\u00edtiques per fomentar un equilibri saludable entre la vida laboral i personal.<\/p><p data-start=\"1687\" data-end=\"1880\"><strong data-start=\"1687\" data-end=\"1740\">6. Diversitat i inclusi\u00f3 com a pilars estrat\u00e8gics<\/strong><br data-start=\"1740\" data-end=\"1743\" \/>Les empreses promouen entorns laborals diversos i inclusius, reconeixent que la diversitat fomenta la innovaci\u00f3 i millora el rendiment.<\/p><p data-start=\"1882\" data-end=\"2049\"><strong data-start=\"1882\" data-end=\"1934\">7. Treball remot i h\u00edbrid com a norma establerta<\/strong><br data-start=\"1934\" data-end=\"1937\" \/>La flexibilitat laboral s&#8217;ha consolidat, amb models h\u00edbrids convertint-se en l&#8217;est\u00e0ndard en moltes ind\u00fastries.<\/p><p data-start=\"2051\" data-end=\"2226\"><strong data-start=\"2051\" data-end=\"2110\">8. \u00das de l&#8217;an\u00e0lisi de dades per a la presa de decisions<\/strong><br data-start=\"2110\" data-end=\"2113\" \/>L&#8217;an\u00e0lisi de dades \u00e9s clau en RR.HH. per comprendre millor els empleats i optimitzar les estrat\u00e8gies de talent.<\/p><p data-start=\"2228\" data-end=\"2399\"><strong data-start=\"2228\" data-end=\"2279\">9. Automatitzaci\u00f3 dels processos de reclutament<\/strong><br data-start=\"2279\" data-end=\"2282\" \/>Les empreses utilitzen IA i automatitzaci\u00f3 per reduir el temps de contractaci\u00f3 i millorar la selecci\u00f3 de candidats.<\/p><p data-start=\"2401\" data-end=\"2554\"><strong data-start=\"2401\" data-end=\"2439\">10. Enfocament en habilitats toves<\/strong><br data-start=\"2439\" data-end=\"2442\" \/>A m\u00e9s de les compet\u00e8ncies t\u00e8cniques, les empreses valoren habilitats com la comunicaci\u00f3 i el treball en equip.<\/p><p data-start=\"2556\" data-end=\"2704\">Aquestes tend\u00e8ncies mostren una evoluci\u00f3 en la gesti\u00f3 del talent, on la tecnologia i el benestar de l\u2019empleat s\u00f3n essencials per a l\u2019\u00e8xit el 2025.<\/p><p data-start=\"2556\" data-end=\"2704\"><a href=\"https:\/\/www.etalentum.com\/es\/e-book-politica-igualdad.html\"><img loading=\"lazy\" class=\"alignnone size-full wp-image-6576\" src=\"https:\/\/blog.etalentum.com\/wp-content\/uploads\/2024\/03\/Banner-igualdad-en-el-trabajo-Descarga.png\" alt=\"\" width=\"1330\" height=\"519\" srcset=\"https:\/\/blog.etalentum.com\/wp-content\/uploads\/2024\/03\/Banner-igualdad-en-el-trabajo-Descarga.png 1330w, https:\/\/blog.etalentum.com\/wp-content\/uploads\/2024\/03\/Banner-igualdad-en-el-trabajo-Descarga-300x117.png 300w, https:\/\/blog.etalentum.com\/wp-content\/uploads\/2024\/03\/Banner-igualdad-en-el-trabajo-Descarga-1024x400.png 1024w, https:\/\/blog.etalentum.com\/wp-content\/uploads\/2024\/03\/Banner-igualdad-en-el-trabajo-Descarga-768x300.png 768w, https:\/\/blog.etalentum.com\/wp-content\/uploads\/2024\/03\/Banner-igualdad-en-el-trabajo-Descarga-1170x457.png 1170w, https:\/\/blog.etalentum.com\/wp-content\/uploads\/2024\/03\/Banner-igualdad-en-el-trabajo-Descarga-585x228.png 585w\" sizes=\"(max-width: 1330px) 100vw, 1330px\" \/><\/a><\/p><p data-start=\"2556\" data-end=\"2704\"><\/p><\/div>\n\t\t\t\t<\/div>\n\t\t\t\t<\/div>\n\t\t\t\t\t<\/div>\n\t\t<\/div>\n\t\t\t\t\t\t\t<\/div>\n\t\t<\/section>\n\t\t\t\t\t\t<\/div>\n\t\t\t\t\t<\/div>\n\t\t<!-- AddThis Advanced Settings generic via filter on the_content --><!-- AddThis Share Buttons generic via filter on the_content -->","protected":false},"excerpt":{"rendered":"<p>En 2025, l&#8217;\u00e0mbit dels Recursos Humans (RR.HH.) est\u00e0 experimentant transformacions significatives, impulsades per l&#8217;adopci\u00f3 de la&hellip;<!-- AddThis Advanced Settings generic via filter on get_the_excerpt --><!-- AddThis Share Buttons generic via filter on get_the_excerpt --><\/p>\n","protected":false},"author":10,"featured_media":5829,"comment_status":"closed","ping_status":"open","sticky":false,"template":"","format":"standard","meta":[],"categories":[360,1,359,5,8,439,69,7,453],"tags":[],"_links":{"self":[{"href":"https:\/\/blog.etalentum.com\/ca\/wp-json\/wp\/v2\/posts\/6957"}],"collection":[{"href":"https:\/\/blog.etalentum.com\/ca\/wp-json\/wp\/v2\/posts"}],"about":[{"href":"https:\/\/blog.etalentum.com\/ca\/wp-json\/wp\/v2\/types\/post"}],"author":[{"embeddable":true,"href":"https:\/\/blog.etalentum.com\/ca\/wp-json\/wp\/v2\/users\/10"}],"replies":[{"embeddable":true,"href":"https:\/\/blog.etalentum.com\/ca\/wp-json\/wp\/v2\/comments?post=6957"}],"version-history":[{"count":7,"href":"https:\/\/blog.etalentum.com\/ca\/wp-json\/wp\/v2\/posts\/6957\/revisions"}],"predecessor-version":[{"id":6964,"href":"https:\/\/blog.etalentum.com\/ca\/wp-json\/wp\/v2\/posts\/6957\/revisions\/6964"}],"wp:featuredmedia":[{"embeddable":true,"href":"https:\/\/blog.etalentum.com\/ca\/wp-json\/wp\/v2\/media\/5829"}],"wp:attachment":[{"href":"https:\/\/blog.etalentum.com\/ca\/wp-json\/wp\/v2\/media?parent=6957"}],"wp:term":[{"taxonomy":"category","embeddable":true,"href":"https:\/\/blog.etalentum.com\/ca\/wp-json\/wp\/v2\/categories?post=6957"},{"taxonomy":"post_tag","embeddable":true,"href":"https:\/\/blog.etalentum.com\/ca\/wp-json\/wp\/v2\/tags?post=6957"}],"curies":[{"name":"wp","href":"https:\/\/api.w.org\/{rel}","templated":true}]}}