{"id":6901,"date":"2025-01-08T10:34:46","date_gmt":"2025-01-08T09:34:46","guid":{"rendered":"https:\/\/blog.etalentum.com\/es\/?p=6901"},"modified":"2025-01-08T10:37:45","modified_gmt":"2025-01-08T09:37:45","slug":"tendencias-laborales-de-2025","status":"publish","type":"post","link":"https:\/\/blog.etalentum.com\/ca\/tendencias-laborales-de-2025\/","title":{"rendered":"Tend\u00e8ncies laborals de 2025"},"content":{"rendered":"\t\t<div data-elementor-type=\"wp-post\" data-elementor-id=\"6901\" class=\"elementor elementor-6901\" data-elementor-settings=\"[]\">\n\t\t\t\t\t\t\t<div class=\"elementor-section-wrap\">\n\t\t\t\t\t\t\t<section class=\"penci-section penci-disSticky penci-structure-10 elementor-section elementor-top-section elementor-element elementor-element-fe38032 elementor-section-boxed elementor-section-height-default elementor-section-height-default\" data-id=\"fe38032\" data-element_type=\"section\">\n\t\t\t\t\t\t<div class=\"elementor-container elementor-column-gap-default\">\n\t\t\t\t\t<div class=\"penci-ercol-100 penci-ercol-order-1 penci-sticky-ct  elementor-column elementor-col-100 elementor-top-column elementor-element elementor-element-8e7a863\" data-id=\"8e7a863\" data-element_type=\"column\">\n\t\t\t<div class=\"elementor-widget-wrap elementor-element-populated\">\n\t\t\t\t\t\t\t\t<div class=\"elementor-element elementor-element-e0b5802 elementor-widget elementor-widget-image\" data-id=\"e0b5802\" data-element_type=\"widget\" data-widget_type=\"image.default\">\n\t\t\t\t<div class=\"elementor-widget-container\">\n\t\t\t\t\t<div class=\"elementor-image\">\n\t\t\t\t\t\t\t\t\t\t<img width=\"1024\" height=\"681\" src=\"https:\/\/blog.etalentum.com\/wp-content\/uploads\/2023\/10\/pexels-photo-194094-1024x681.jpeg\" class=\"attachment-large size-large\" alt=\"\" loading=\"lazy\" srcset=\"https:\/\/blog.etalentum.com\/wp-content\/uploads\/2023\/10\/pexels-photo-194094-1024x681.jpeg 1024w, https:\/\/blog.etalentum.com\/wp-content\/uploads\/2023\/10\/pexels-photo-194094-300x199.jpeg 300w, https:\/\/blog.etalentum.com\/wp-content\/uploads\/2023\/10\/pexels-photo-194094-768x511.jpeg 768w, https:\/\/blog.etalentum.com\/wp-content\/uploads\/2023\/10\/pexels-photo-194094-1536x1021.jpeg 1536w, https:\/\/blog.etalentum.com\/wp-content\/uploads\/2023\/10\/pexels-photo-194094-2048x1362.jpeg 2048w, https:\/\/blog.etalentum.com\/wp-content\/uploads\/2023\/10\/pexels-photo-194094-1920x1277.jpeg 1920w, https:\/\/blog.etalentum.com\/wp-content\/uploads\/2023\/10\/pexels-photo-194094-1170x778.jpeg 1170w, https:\/\/blog.etalentum.com\/wp-content\/uploads\/2023\/10\/pexels-photo-194094-585x389.jpeg 585w, https:\/\/blog.etalentum.com\/wp-content\/uploads\/2023\/10\/pexels-photo-194094-263x175.jpeg 263w\" sizes=\"(max-width: 1024px) 100vw, 1024px\" \/>\t\t\t\t\t\t\t\t\t\t\t<\/div>\n\t\t\t\t<\/div>\n\t\t\t\t<\/div>\n\t\t\t\t\t<\/div>\n\t\t<\/div>\n\t\t\t\t\t\t\t<\/div>\n\t\t<\/section>\n\t\t\t\t<section class=\"penci-section penci-disSticky penci-structure-10 elementor-section elementor-top-section elementor-element elementor-element-ed98cb1 elementor-section-boxed elementor-section-height-default elementor-section-height-default\" data-id=\"ed98cb1\" data-element_type=\"section\">\n\t\t\t\t\t\t<div class=\"elementor-container elementor-column-gap-default\">\n\t\t\t\t\t<div class=\"penci-ercol-100 penci-ercol-order-1 penci-sticky-ct  elementor-column elementor-col-100 elementor-top-column elementor-element elementor-element-9db116b\" data-id=\"9db116b\" data-element_type=\"column\">\n\t\t\t<div class=\"elementor-widget-wrap elementor-element-populated\">\n\t\t\t\t\t\t\t\t<div class=\"elementor-element elementor-element-3f2a7ae elementor-widget elementor-widget-text-editor\" data-id=\"3f2a7ae\" data-element_type=\"widget\" data-widget_type=\"text-editor.default\">\n\t\t\t\t<div class=\"elementor-widget-container\">\n\t\t\t\t\t<div class=\"elementor-text-editor elementor-clearfix\"><p><\/p><p>El mercat laboral del 2025 es troba en un punt d\u2019inflexi\u00f3, caracteritzat per la converg\u00e8ncia d\u2019aven\u00e7os tecnol\u00f2gics, canvis demogr\u00e0fics i noves expectatives per part d\u2019empleats i ocupadors. Aquest article analitza en profunditat les tend\u00e8ncies que estan configurant l\u2019escenari actual i les implicacions d\u2019aquests canvis per a empreses i professionals.<\/p><h4><strong>1. Adopci\u00f3 de la Intel\u00b7lig\u00e8ncia Artificial Generativa<\/strong><\/h4><p>La intel\u00b7lig\u00e8ncia artificial generativa s\u2019ha convertit en un component essencial en diversos sectors. Segons dades de Gartner, el 75% de les empreses mitjanes i grans han integrat tecnologies d\u2019IA generativa en processos com l\u2019automatitzaci\u00f3 de tasques administratives, el disseny creatiu i l\u2019an\u00e0lisi predictiva de dades.<\/p><p>Aquest canvi no nom\u00e9s requereix compet\u00e8ncies t\u00e8cniques avan\u00e7ades en aprenentatge autom\u00e0tic i desenvolupament de models, sin\u00f3 tamb\u00e9 una comprensi\u00f3 \u00e8tica de la seva implementaci\u00f3. La manca de regulacions clares al voltant de la IA planteja riscos, com ara els biaixos algor\u00edtmics i l\u2019\u00fas indegut de dades personals, que les empreses hauran de gestionar amb estrat\u00e8gies s\u00f2lides de governan\u00e7a tecnol\u00f2gica.<\/p><h4><strong>2. El Treball H\u00edbrid com a Model Predominant<\/strong><\/h4><p>El model h\u00edbrid no \u00e9s simplement una tend\u00e8ncia passatgera; s\u2019ha consolidat com un est\u00e0ndard global. Estudis recents de McKinsey indiquen que el 63% dels empleats considera el treball h\u00edbrid essencial per a la seva satisfacci\u00f3 laboral, mentre que les empreses reporten augments en productivitat i retenci\u00f3 de talent sota aquest esquema.<\/p><p>Les organitzacions d\u2019\u00e8xit han adoptat tecnologies col\u00b7laboratives i sistemes de gesti\u00f3 de rendiment que permeten equilibrar la flexibilitat amb la responsabilitat. Tanmateix, aquest model planteja reptes com l\u2019erosi\u00f3 de la cultura organitzacional i la necessitat de formaci\u00f3 cont\u00ednua per als l\u00edders que han de gestionar equips distribu\u00efts.<\/p><h4><strong>3. Predomini de les Habilitats Humanes<\/strong><\/h4><p>En un context on l\u2019automatitzaci\u00f3 substitueix tasques t\u00e8cniques, habilitats humanes com la intel\u00b7lig\u00e8ncia emocional, la comunicaci\u00f3 i el pensament cr\u00edtic estan adquirint m\u00e9s rellev\u00e0ncia. Segons LinkedIn, les &#8220;soft skills&#8221; representen el 80% dels atributs valorats en les descripcions de feina actuals.<\/p><p>Les empreses estan invertint en programes de formaci\u00f3 i desenvolupament que reforcin aquestes compet\u00e8ncies, i els professionals han de prioritzar la millora cont\u00ednua en \u00e0rees com el lideratge i la resoluci\u00f3 de conflictes per mantenir-se competitius al mercat.<\/p><h4><strong>4. Transformaci\u00f3 de les Estructures Salarials i dels Beneficis<\/strong><\/h4><p>L\u2019augment de la inflaci\u00f3 global i la creixent compet\u00e8ncia pel talent han portat les empreses a reestructurar les seves pol\u00edtiques de compensaci\u00f3. M\u00e9s enll\u00e0 del salari, els empleats valoren beneficis com plans de salut mental, permisos ampliats per parentalitat i oportunitats de formaci\u00f3.<\/p><p>Segons Mercer, un 57% de les empreses planeja augmentar la seva inversi\u00f3 en beneficis no monetaris el 2025, en reconeixement de la import\u00e0ncia del benestar integral dels seus empleats.<\/p><h4><strong>5. Recuperaci\u00f3 del Sector Tecnol\u00f2gic<\/strong><\/h4><p>Despr\u00e9s de les dificultats experimentades per la ind\u00fastria tecnol\u00f2gica el 2024, l\u2019any 2025 marca una recuperaci\u00f3 significativa, particularment en camps com la ciberseguretat, les energies renovables i el desenvolupament sostenible. Aquesta recuperaci\u00f3 es deu, en part, a l\u2019adopci\u00f3 de pol\u00edtiques governamentals favorables i a la creixent demanda de solucions digitals en mercats emergents.<\/p><h4><strong>Conclusi\u00f3<\/strong><\/h4><p>El mercat laboral del 2025 est\u00e0 experimentant una transformaci\u00f3 sense precedents. Empreses i professionals que inverteixin en innovaci\u00f3, formaci\u00f3 i flexibilitat estaran millor posicionats per prosperar en aquest nou paradigma.<\/p><p><a href=\"https:\/\/www.etalentum.com\/es\/e-book-inteligencia-artificial.html?utm_source=blog\"><img loading=\"lazy\" class=\"alignnone size-full wp-image-6305\" src=\"https:\/\/blog.etalentum.com\/wp-content\/uploads\/2024\/01\/IA_boto\u0301n_descarga.png\" alt=\"\" width=\"926\" height=\"363\" srcset=\"https:\/\/blog.etalentum.com\/wp-content\/uploads\/2024\/01\/IA_boto\u0301n_descarga.png 926w, https:\/\/blog.etalentum.com\/wp-content\/uploads\/2024\/01\/IA_boto\u0301n_descarga-300x118.png 300w, https:\/\/blog.etalentum.com\/wp-content\/uploads\/2024\/01\/IA_boto\u0301n_descarga-768x301.png 768w, https:\/\/blog.etalentum.com\/wp-content\/uploads\/2024\/01\/IA_boto\u0301n_descarga-585x229.png 585w\" sizes=\"(max-width: 926px) 100vw, 926px\" \/><\/a><\/p><p><\/p><\/div>\n\t\t\t\t<\/div>\n\t\t\t\t<\/div>\n\t\t\t\t\t<\/div>\n\t\t<\/div>\n\t\t\t\t\t\t\t<\/div>\n\t\t<\/section>\n\t\t\t\t\t\t<\/div>\n\t\t\t\t\t<\/div>\n\t\t<!-- AddThis Advanced Settings generic via filter on the_content --><!-- AddThis Share Buttons generic via filter on the_content -->","protected":false},"excerpt":{"rendered":"<p>El mercat laboral del 2025 es troba en un punt d\u2019inflexi\u00f3, caracteritzat per la converg\u00e8ncia d\u2019aven\u00e7os&hellip;<!-- AddThis Advanced Settings generic via filter on get_the_excerpt --><!-- AddThis Share Buttons generic via filter on get_the_excerpt --><\/p>\n","protected":false},"author":10,"featured_media":5986,"comment_status":"closed","ping_status":"open","sticky":false,"template":"","format":"standard","meta":[],"categories":[360,1,359,5,8,453],"tags":[],"_links":{"self":[{"href":"https:\/\/blog.etalentum.com\/ca\/wp-json\/wp\/v2\/posts\/6901"}],"collection":[{"href":"https:\/\/blog.etalentum.com\/ca\/wp-json\/wp\/v2\/posts"}],"about":[{"href":"https:\/\/blog.etalentum.com\/ca\/wp-json\/wp\/v2\/types\/post"}],"author":[{"embeddable":true,"href":"https:\/\/blog.etalentum.com\/ca\/wp-json\/wp\/v2\/users\/10"}],"replies":[{"embeddable":true,"href":"https:\/\/blog.etalentum.com\/ca\/wp-json\/wp\/v2\/comments?post=6901"}],"version-history":[{"count":7,"href":"https:\/\/blog.etalentum.com\/ca\/wp-json\/wp\/v2\/posts\/6901\/revisions"}],"predecessor-version":[{"id":6908,"href":"https:\/\/blog.etalentum.com\/ca\/wp-json\/wp\/v2\/posts\/6901\/revisions\/6908"}],"wp:featuredmedia":[{"embeddable":true,"href":"https:\/\/blog.etalentum.com\/ca\/wp-json\/wp\/v2\/media\/5986"}],"wp:attachment":[{"href":"https:\/\/blog.etalentum.com\/ca\/wp-json\/wp\/v2\/media?parent=6901"}],"wp:term":[{"taxonomy":"category","embeddable":true,"href":"https:\/\/blog.etalentum.com\/ca\/wp-json\/wp\/v2\/categories?post=6901"},{"taxonomy":"post_tag","embeddable":true,"href":"https:\/\/blog.etalentum.com\/ca\/wp-json\/wp\/v2\/tags?post=6901"}],"curies":[{"name":"wp","href":"https:\/\/api.w.org\/{rel}","templated":true}]}}