{"id":666,"date":"2017-07-07T10:13:44","date_gmt":"2017-07-07T10:13:44","guid":{"rendered":"http:\/\/blog.etalentum.com\/es\/?p=666"},"modified":"2018-08-24T13:40:29","modified_gmt":"2018-08-24T11:40:29","slug":"el-paro-vuelve-bajar-en-junio-al-conjunto-del-estado-espanol","status":"publish","type":"post","link":"https:\/\/blog.etalentum.com\/ca\/latur-torna-a-baixar-al-juny-al-conjunt-de-lestat-espanyol\/","title":{"rendered":"L&#8217;atur torna a baixar al juny al conjunt de l\u2019Estat espanyol"},"content":{"rendered":"<p>L\u2019atur ha tornat a baixar a l\u2019Estat espanyol al mes de juny. Hi ha 98 mil aturats menys, xifra que redueix l&#8217;atur fins als\u00a03.362.000, <a href=\"http:\/\/blog.etalentum.com\/wp-content\/uploads\/2016\/04\/Depositphotos_11204812_s.jpg\" data-rel=\"penci-gallery-image-content\" ><img loading=\"lazy\" class=\"alignright size-medium wp-image-439\" alt=\"Portrait of a manager interviewing a female applicant\" src=\"http:\/\/blog.etalentum.com\/wp-content\/uploads\/2016\/04\/Depositphotos_11204812_s-199x300.jpg\" width=\"199\" height=\"300\" srcset=\"https:\/\/blog.etalentum.com\/wp-content\/uploads\/2016\/04\/Depositphotos_11204812_s-199x300.jpg 199w, https:\/\/blog.etalentum.com\/wp-content\/uploads\/2016\/04\/Depositphotos_11204812_s.jpg 577w\" sizes=\"(max-width: 199px) 100vw, 199px\" \/><\/a>els n\u00fameros m\u00e9s baixos\u00a0dels \u00faltims 8 anys.<\/p>\n<p>A Catalunya la xifra de parats arriba a\u00a0391.000 persones.\u00a0Durant el mes de juny han abandonat les llistes de l&#8217;Inem\u00a018 mil persones.\u00a0Catalunya \u00e9s la comunitat on m\u00e9s ha baixat i \u00e9s el cinqu\u00e8 mes consecutiu en qu\u00e8 s&#8217;ha redu\u00eft l&#8217;atur.<\/p>\n<p>La contractaci\u00f3 i <a href=\"http:\/\/www.etalentum.com\/ca\/empreses\/seleccio-de-personal.html\">selecci\u00f3 de personal<\/a> del\u00a0sector serveis\u00a0\u00e9s el que ha tingut m\u00e9s a veure amb aquesta caiguda, 75.100 persones inscrites menys, davant l&#8217;augment en agricultura i pesca, on hi ha 7.200 persones m\u00e9s.<\/p>\n<p style=\"text-align: justify;\">Respecte l&#8217;any passat, l&#8217;atur s&#8217;ha redu\u00eft en quatre-centes mil persones. Destaca tamb\u00e9 que s&#8217;han firmat 2 milions de contractes, amb una crescuda del 12 per cent dels indefinits.<\/p>\n<p><\/p>\n<!-- AddThis Advanced Settings generic via filter on the_content --><!-- AddThis Share Buttons generic via filter on the_content -->","protected":false},"excerpt":{"rendered":"<p>L\u2019atur ha tornat a baixar a l\u2019Estat espanyol al mes de juny. Hi ha 98 mil&hellip;<!-- AddThis Advanced Settings generic via filter on get_the_excerpt --><!-- AddThis Share Buttons generic via filter on get_the_excerpt --><\/p>\n","protected":false},"author":2,"featured_media":439,"comment_status":"closed","ping_status":"open","sticky":false,"template":"","format":"standard","meta":[],"categories":[1,7],"tags":[45,46,41,23,40,20,43,34,13,47,3,42],"_links":{"self":[{"href":"https:\/\/blog.etalentum.com\/ca\/wp-json\/wp\/v2\/posts\/666"}],"collection":[{"href":"https:\/\/blog.etalentum.com\/ca\/wp-json\/wp\/v2\/posts"}],"about":[{"href":"https:\/\/blog.etalentum.com\/ca\/wp-json\/wp\/v2\/types\/post"}],"author":[{"embeddable":true,"href":"https:\/\/blog.etalentum.com\/ca\/wp-json\/wp\/v2\/users\/2"}],"replies":[{"embeddable":true,"href":"https:\/\/blog.etalentum.com\/ca\/wp-json\/wp\/v2\/comments?post=666"}],"version-history":[{"count":3,"href":"https:\/\/blog.etalentum.com\/ca\/wp-json\/wp\/v2\/posts\/666\/revisions"}],"predecessor-version":[{"id":828,"href":"https:\/\/blog.etalentum.com\/ca\/wp-json\/wp\/v2\/posts\/666\/revisions\/828"}],"wp:featuredmedia":[{"embeddable":true,"href":"https:\/\/blog.etalentum.com\/ca\/wp-json\/wp\/v2\/media\/439"}],"wp:attachment":[{"href":"https:\/\/blog.etalentum.com\/ca\/wp-json\/wp\/v2\/media?parent=666"}],"wp:term":[{"taxonomy":"category","embeddable":true,"href":"https:\/\/blog.etalentum.com\/ca\/wp-json\/wp\/v2\/categories?post=666"},{"taxonomy":"post_tag","embeddable":true,"href":"https:\/\/blog.etalentum.com\/ca\/wp-json\/wp\/v2\/tags?post=666"}],"curies":[{"name":"wp","href":"https:\/\/api.w.org\/{rel}","templated":true}]}}