{"id":434,"date":"2016-04-11T15:33:28","date_gmt":"2016-04-11T15:33:28","guid":{"rendered":"http:\/\/blog.etalentum.com\/es\/?p=434"},"modified":"2018-08-24T13:20:42","modified_gmt":"2018-08-24T11:20:42","slug":"subvencion-del-65-en-contratacion-de-personal","status":"publish","type":"post","link":"https:\/\/blog.etalentum.com\/ca\/subvencio-del-65-en-contractacio-de-personal\/","title":{"rendered":"Subvenci\u00f3 del 65% en contractaci\u00f3 de personal"},"content":{"rendered":"<p><a href=\"http:\/\/blog.etalentum.com\/wp-content\/uploads\/2015\/05\/Depositphotos_23094216_l.jpg\" data-rel=\"penci-gallery-image-content\" ><img loading=\"lazy\" class=\"aligncenter size-full wp-image-294\" alt=\"handshake\" src=\"http:\/\/blog.etalentum.com\/wp-content\/uploads\/2015\/05\/Depositphotos_23094216_l.jpg\" width=\"3464\" height=\"2309\" srcset=\"https:\/\/blog.etalentum.com\/wp-content\/uploads\/2015\/05\/Depositphotos_23094216_l.jpg 3464w, https:\/\/blog.etalentum.com\/wp-content\/uploads\/2015\/05\/Depositphotos_23094216_l-300x200.jpg 300w, https:\/\/blog.etalentum.com\/wp-content\/uploads\/2015\/05\/Depositphotos_23094216_l-1024x682.jpg 1024w\" sizes=\"(max-width: 3464px) 100vw, 3464px\" \/><\/a><\/p>\n<p>Aprofiti el Programa Emplea i obtingui fins a un 65% en les seves contractacions de personal. El Ministeri d\u2019Economia i Competitivitat (MINECO), ha publicat una convocat\u00f2ria de subvenci\u00f3 per la contractaci\u00f3 de personal dedicat a les activitats de R+D+i.<\/p>\n<p><span style=\"line-height: 1.5em;\">L\u2019ajuda t\u00e9 una durada de fins a 3 anys i pret\u00e9n incentivar el desenvolupament d\u2019activitats de investigaci\u00f3 i desenvolupament en les petites i mitjanes empreses, aix\u00ed com la creaci\u00f3 de ocupaci\u00f3 de qualitat.<\/span><\/p>\n<p>Termini m\u00e0xim de sol\u00b7licitud: 4\/5\/2016. <a title=\"MINECO\" href=\"http:\/\/www.mineco.gob.es\/portal\/site\/mineco\/\" target=\"_blank\">M\u00e9s informaci\u00f3.<\/a><\/p>\n<!-- AddThis Advanced Settings generic via filter on the_content --><!-- AddThis Share Buttons generic via filter on the_content -->","protected":false},"excerpt":{"rendered":"<p>Aprofiti el Programa Emplea i obtingui fins a un 65% en les seves contractacions de personal.&hellip;<!-- AddThis Advanced Settings generic via filter on get_the_excerpt --><!-- AddThis Share Buttons generic via filter on get_the_excerpt --><\/p>\n","protected":false},"author":2,"featured_media":294,"comment_status":"closed","ping_status":"open","sticky":false,"template":"","format":"standard","meta":[],"categories":[1,5],"tags":[45,46,4,16,35,36,33,3,42],"_links":{"self":[{"href":"https:\/\/blog.etalentum.com\/ca\/wp-json\/wp\/v2\/posts\/434"}],"collection":[{"href":"https:\/\/blog.etalentum.com\/ca\/wp-json\/wp\/v2\/posts"}],"about":[{"href":"https:\/\/blog.etalentum.com\/ca\/wp-json\/wp\/v2\/types\/post"}],"author":[{"embeddable":true,"href":"https:\/\/blog.etalentum.com\/ca\/wp-json\/wp\/v2\/users\/2"}],"replies":[{"embeddable":true,"href":"https:\/\/blog.etalentum.com\/ca\/wp-json\/wp\/v2\/comments?post=434"}],"version-history":[{"count":13,"href":"https:\/\/blog.etalentum.com\/ca\/wp-json\/wp\/v2\/posts\/434\/revisions"}],"predecessor-version":[{"id":892,"href":"https:\/\/blog.etalentum.com\/ca\/wp-json\/wp\/v2\/posts\/434\/revisions\/892"}],"wp:featuredmedia":[{"embeddable":true,"href":"https:\/\/blog.etalentum.com\/ca\/wp-json\/wp\/v2\/media\/294"}],"wp:attachment":[{"href":"https:\/\/blog.etalentum.com\/ca\/wp-json\/wp\/v2\/media?parent=434"}],"wp:term":[{"taxonomy":"category","embeddable":true,"href":"https:\/\/blog.etalentum.com\/ca\/wp-json\/wp\/v2\/categories?post=434"},{"taxonomy":"post_tag","embeddable":true,"href":"https:\/\/blog.etalentum.com\/ca\/wp-json\/wp\/v2\/tags?post=434"}],"curies":[{"name":"wp","href":"https:\/\/api.w.org\/{rel}","templated":true}]}}